{"id":254,"date":"2024-11-04T14:12:17","date_gmt":"2024-11-04T14:12:17","guid":{"rendered":"https:\/\/illusioland.fr\/infos\/?p=254"},"modified":"2024-11-19T17:27:22","modified_gmt":"2024-11-19T17:27:22","slug":"illusioland-louverture-tant-attendue-en-2025-et-la-couverture-exceptionnelle-du-regional","status":"publish","type":"post","link":"https:\/\/illusioland.fr\/infos\/index.php\/2024\/11\/04\/illusioland-louverture-tant-attendue-en-2025-et-la-couverture-exceptionnelle-du-regional\/","title":{"rendered":"Illusioland : L\u2019Ouverture tant Attendue en 2025 et la Couverture Exceptionnelle du R\u00e9gional"},"content":{"rendered":"<h3>Introduction : Illusioland, le Monde de l&rsquo;Illusion qui Fascine d\u00e9j\u00e0 la Presse Locale<\/h3>\n<p><img loading=\"lazy\" decoding=\"async\" class=\" wp-image-255 aligncenter\" src=\"https:\/\/illusioland.fr\/infos\/wp-content\/uploads\/2024\/11\/IMG_6470-215x300.jpg\" alt=\"\" width=\"320\" height=\"447\" srcset=\"https:\/\/illusioland.fr\/infos\/wp-content\/uploads\/2024\/11\/IMG_6470-215x300.jpg 215w, https:\/\/illusioland.fr\/infos\/wp-content\/uploads\/2024\/11\/IMG_6470-732x1024.jpg 732w, https:\/\/illusioland.fr\/infos\/wp-content\/uploads\/2024\/11\/IMG_6470-768x1074.jpg 768w, https:\/\/illusioland.fr\/infos\/wp-content\/uploads\/2024\/11\/IMG_6470-773x1080.jpg 773w, https:\/\/illusioland.fr\/infos\/wp-content\/uploads\/2024\/11\/IMG_6470-600x839.jpg 600w, https:\/\/illusioland.fr\/infos\/wp-content\/uploads\/2024\/11\/IMG_6470.jpg 990w\" sizes=\"(max-width: 320px) 100vw, 320px\" \/><\/p>\n<p>\u00c0 seulement 20 kilom\u00e8tres de Salon-de-Provence, Illusioland, une future destination d\u00e9di\u00e9e aux illusions d\u2019optique et aux exp\u00e9riences immersives, ouvrira ses portes en 2025. Avant m\u00eame son inauguration, cette attraction promet de transformer le paysage touristique de la r\u00e9gion, et elle suscite d\u00e9j\u00e0 un fort engouement dans la presse locale. Tout r\u00e9cemment, le journal <em>Le R\u00e9gional<\/em> a consacr\u00e9 un article de deux pages, accompagn\u00e9 de la couverture, pour mettre en lumi\u00e8re ce projet innovant et son impact sur la r\u00e9gion.<\/p>\n<p>&nbsp;<\/p>\n<h3>Partie I : Un Dossier Sp\u00e9cial du R\u00e9gional qui Met Illusioland \u00e0 l\u2019Honneur<\/h3>\n<p>Le journal <em>Le R\u00e9gional<\/em>, connu pour son engagement \u00e0 couvrir les \u00e9v\u00e9nements majeurs de la r\u00e9gion, a r\u00e9cemment publi\u00e9 un reportage de deux pages consacr\u00e9 \u00e0 Illusioland. Ce dossier explore les coulisses de la cr\u00e9ation de ce lieu unique, en s&rsquo;int\u00e9ressant aux cr\u00e9ateurs, aux installations pr\u00e9vues et \u00e0 la mani\u00e8re dont Illusioland pr\u00e9voit de red\u00e9finir l\u2019exp\u00e9rience mus\u00e9ale interactive.<\/p>\n<p>Sur la couverture, le titre accrocheur attire l\u2019attention avec une photo immersive qui donne un avant-go\u00fbt des illusions captivantes qui attendent les visiteurs. Cette mise en avant de la part de <em>Le R\u00e9gional<\/em> t\u00e9moigne de l\u2019int\u00e9r\u00eat croissant du public pour Illusioland et de l\u2019importance de ce projet pour la r\u00e9gion.<\/p>\n<blockquote><p><em>\u00ab\u00a0Illusioland va apporter une nouvelle dimension au divertissement et \u00e0 l\u2019apprentissage dans notre r\u00e9gion. C\u2019est une exp\u00e9rience qui transcende les limites entre r\u00e9alit\u00e9 et illusion,\u00a0\u00bb<\/em> souligne l&rsquo;article de <em>Le R\u00e9gional<\/em>.<\/p><\/blockquote>\n<h3>Partie II : Illusioland, Une Exp\u00e9rience Immersive qui Transformera le Tourisme Local<\/h3>\n<p>L\u2019article du <em>R\u00e9gional<\/em> pr\u00e9sente Illusioland comme une attraction qui va bien au-del\u00e0 de la simple visite. En 2025, les visiteurs pourront d\u00e9couvrir une s\u00e9rie de salles th\u00e9matiques et d\u2019installations, toutes con\u00e7ues pour bousculer les sens et offrir une immersion totale. Parmi les attractions phares mentionn\u00e9es dans le reportage :<\/p>\n<ul>\n<li><strong>Les Miroirs Illusoires<\/strong> : Un espace o\u00f9 les reflets et les formes se d\u00e9forment, cr\u00e9ant des illusions troublantes.<\/li>\n<li><strong>La Chambre Anti-Gravit\u00e9<\/strong> : Une pi\u00e8ce o\u00f9 les visiteurs perdront leurs rep\u00e8res, avec des effets visuels d\u00e9fiant les lois de la gravit\u00e9.<\/li>\n<li><strong>Le Labyrinthe Infini<\/strong> : Un d\u00e9dale de miroirs et d\u2019effets de lumi\u00e8re qui laisse les visiteurs d\u00e9sorient\u00e9s.<\/li>\n<\/ul>\n<p><img loading=\"lazy\" decoding=\"async\" class=\" wp-image-256 aligncenter\" src=\"https:\/\/illusioland.fr\/infos\/wp-content\/uploads\/2024\/11\/IMG_6471-211x300.jpg\" alt=\"\" width=\"387\" height=\"522\" \/><\/p>\n<h3>Partie III : La Presse en \u00c9bullition pour Illusioland \u2013 Un Impact pour Toute la R\u00e9gion<\/h3>\n<p><em>Le R\u00e9gional<\/em> n\u2019est pas le seul \u00e0 s\u2019int\u00e9resser de pr\u00e8s \u00e0 Illusioland, mais il est le premier m\u00e9dia r\u00e9gional \u00e0 avoir couvert le projet avec une telle ampleur. Ce reportage exclusif a permis aux lecteurs d\u2019en apprendre davantage sur l\u2019inspiration et les ambitions de ce lieu in\u00e9dit. En faisant la une et en consacrant deux pages \u00e0 Illusioland, <em>Le R\u00e9gional<\/em> t\u00e9moigne de l&rsquo;impact attendu sur le tourisme local et de l\u2019effet positif qu\u2019Illusioland pourrait avoir sur l\u2019\u00e9conomie r\u00e9gionale.<\/p>\n<h3>Partie IV : Entretien avec les Cr\u00e9ateurs, une Exclusivit\u00e9 pour <em>Le R\u00e9gional<\/em><\/h3>\n<p>Dans ce dossier, <em>Le R\u00e9gional<\/em> a pu recueillir les impressions des cr\u00e9ateurs d\u2019Illusioland, qui ont partag\u00e9 leur vision et leurs motivations. Inspir\u00e9s par les mus\u00e9es des illusions \u00e0 travers le monde, ils ambitionnent de cr\u00e9er un lieu o\u00f9 l\u2019art, la science et le divertissement se rejoignent pour offrir une exp\u00e9rience sensorielle inoubliable.<\/p>\n<blockquote><p><em>\u00ab\u00a0Nous voulons que chaque visiteur d\u00e9couvre une nouvelle mani\u00e8re de percevoir le monde, un m\u00e9lange entre le myst\u00e8re de l\u2019illusion et la beaut\u00e9 de la science,\u00a0\u00bb<\/em> confie l\u2019un des fondateurs dans l\u2019article.<\/p>\n<p><img loading=\"lazy\" decoding=\"async\" class=\" wp-image-258 aligncenter\" src=\"https:\/\/illusioland.fr\/infos\/wp-content\/uploads\/2024\/11\/presse-illusioland-le-regional-300x227.jpg\" alt=\"\" width=\"400\" height=\"303\" srcset=\"https:\/\/illusioland.fr\/infos\/wp-content\/uploads\/2024\/11\/presse-illusioland-le-regional-300x227.jpg 300w, https:\/\/illusioland.fr\/infos\/wp-content\/uploads\/2024\/11\/presse-illusioland-le-regional-1024x773.jpg 1024w, https:\/\/illusioland.fr\/infos\/wp-content\/uploads\/2024\/11\/presse-illusioland-le-regional-768x580.jpg 768w, https:\/\/illusioland.fr\/infos\/wp-content\/uploads\/2024\/11\/presse-illusioland-le-regional-1430x1080.jpg 1430w, https:\/\/illusioland.fr\/infos\/wp-content\/uploads\/2024\/11\/presse-illusioland-le-regional-600x453.jpg 600w, https:\/\/illusioland.fr\/infos\/wp-content\/uploads\/2024\/11\/presse-illusioland-le-regional.jpg 1491w\" sizes=\"(max-width: 400px) 100vw, 400px\" \/><\/p><\/blockquote>\n<h3>Partie V : Illusioland et l&rsquo;Impact \u00c9conomique pour la R\u00e9gion<\/h3>\n<p><em>Le R\u00e9gional<\/em> met \u00e9galement en avant les retomb\u00e9es \u00e9conomiques positives d\u2019Illusioland pour la r\u00e9gion. Situ\u00e9 \u00e0 proximit\u00e9 de Salon-de-Provence, Illusioland devrait attirer une nouvelle client\u00e8le, b\u00e9n\u00e9ficiant aux commerces locaux, restaurants et h\u00f4tels alentour. En cr\u00e9ant une destination qui attire les familles, les groupes scolaires et les touristes, Illusioland contribuera \u00e0 renforcer l\u2019\u00e9conomie r\u00e9gionale et \u00e0 valoriser l\u2019image de la r\u00e9gion PACA.<\/p>\n<h3>Conclusion : Illusioland, Un Projet Qui Transforme D\u00e9j\u00e0 la R\u00e9gion avant Son Ouverture<\/h3>\n<p>Gr\u00e2ce \u00e0 la couverture exceptionnelle du<em> R\u00e9gional<\/em>, Illusioland est d\u00e9j\u00e0 un nom familier pour de nombreux habitants de la r\u00e9gion. En mettant ce projet \u00e0 l\u2019honneur dans son dossier de deux pages, le journal a permis de d\u00e9voiler aux lecteurs l\u2019ampleur et le potentiel d\u2019Illusioland, qui s\u2019annonce comme un lieu embl\u00e9matique pour la r\u00e9gion d\u00e8s son ouverture en 2025. Pour tous ceux qui cherchent \u00e0 vivre des exp\u00e9riences nouvelles et captivantes, Illusioland sera une destination incontournable o\u00f9 science et magie des illusions se rencontrent.<\/p>\n<p>&nbsp;<\/p>\n<p>D\u00e9couvrez tous les d\u00e9tails de cet article captivant directement sur le site du <em>R\u00e9gional<\/em> en cliquant ici : <a href=\"https:\/\/mesinfos.fr\/13300-salon-de-provence\/un-parc-de-loisirs-sur-la-magie-bientot-a-cote-de-salon-de-provence-208725.html\" target=\"_new\" rel=\"noopener\">Lire l&rsquo;article sur <em>Le R\u00e9gional<\/em><\/a>.<\/p>\n","protected":false},"excerpt":{"rendered":"<p>Introduction : Illusioland, le Monde de l&rsquo;Illusion qui Fascine d\u00e9j\u00e0 la Presse Locale \u00c0 seulement 20 kilom\u00e8tres de Salon-de-Provence, Illusioland, une future destination d\u00e9di\u00e9e aux illusions d\u2019optique et aux exp\u00e9riences immersives, ouvrira ses portes en 2025. Avant m\u00eame son inauguration, cette attraction promet de transformer le paysage touristique de la r\u00e9gion, et elle suscite d\u00e9j\u00e0 [&hellip;]<\/p>\n","protected":false},"author":1,"featured_media":257,"comment_status":"open","ping_status":"open","sticky":false,"template":"","format":"standard","meta":{"saved_in_kubio":false,"_jetpack_memberships_contains_paid_content":false,"footnotes":""},"categories":[34,37],"tags":[210,30,142,202,205,27,204,196,200,203,9,194,164,206,103,208,209,197,108,211,116,199,198,195,207,201],"class_list":["post-254","post","type-post","status-publish","format-standard","has-post-thumbnail","hentry","category-actualites-du-parc","category-artistes-en-residence","tag-anti-gravite","tag-attractions-immersives","tag-divertissement","tag-economie-locale","tag-education","tag-effets-visuels","tag-enfants","tag-experience-interactive","tag-experience-sensorielle","tag-familles","tag-illusioland","tag-illusions-doptique","tag-immersion","tag-impact-culturel","tag-innovation","tag-jeux-de-perspective","tag-labyrinthes-de-miroirs","tag-musee-illusion","tag-ouverture-2025","tag-paca","tag-perception","tag-presse-locale","tag-regional","tag-salon-de-provence","tag-science-et-art","tag-tourisme"],"jetpack_sharing_enabled":true,"jetpack_featured_media_url":"https:\/\/illusioland.fr\/infos\/wp-content\/uploads\/2024\/11\/article-illusioland-le-regional.jpg","_links":{"self":[{"href":"https:\/\/illusioland.fr\/infos\/index.php\/wp-json\/wp\/v2\/posts\/254","targetHints":{"allow":["GET"]}}],"collection":[{"href":"https:\/\/illusioland.fr\/infos\/index.php\/wp-json\/wp\/v2\/posts"}],"about":[{"href":"https:\/\/illusioland.fr\/infos\/index.php\/wp-json\/wp\/v2\/types\/post"}],"author":[{"embeddable":true,"href":"https:\/\/illusioland.fr\/infos\/index.php\/wp-json\/wp\/v2\/users\/1"}],"replies":[{"embeddable":true,"href":"https:\/\/illusioland.fr\/infos\/index.php\/wp-json\/wp\/v2\/comments?post=254"}],"version-history":[{"count":4,"href":"https:\/\/illusioland.fr\/infos\/index.php\/wp-json\/wp\/v2\/posts\/254\/revisions"}],"predecessor-version":[{"id":593,"href":"https:\/\/illusioland.fr\/infos\/index.php\/wp-json\/wp\/v2\/posts\/254\/revisions\/593"}],"wp:featuredmedia":[{"embeddable":true,"href":"https:\/\/illusioland.fr\/infos\/index.php\/wp-json\/wp\/v2\/media\/257"}],"wp:attachment":[{"href":"https:\/\/illusioland.fr\/infos\/index.php\/wp-json\/wp\/v2\/media?parent=254"}],"wp:term":[{"taxonomy":"category","embeddable":true,"href":"https:\/\/illusioland.fr\/infos\/index.php\/wp-json\/wp\/v2\/categories?post=254"},{"taxonomy":"post_tag","embeddable":true,"href":"https:\/\/illusioland.fr\/infos\/index.php\/wp-json\/wp\/v2\/tags?post=254"}],"curies":[{"name":"wp","href":"https:\/\/api.w.org\/{rel}","templated":true}]}}