{"id":688,"date":"2024-12-27T17:58:39","date_gmt":"2024-12-27T17:58:39","guid":{"rendered":"https:\/\/illusioland.fr\/infos\/?p=688"},"modified":"2024-12-27T17:58:39","modified_gmt":"2024-12-27T17:58:39","slug":"jean-pascal-lacoste-soutient-illusioland-un-projet-a-ne-pas-manquer","status":"publish","type":"post","link":"https:\/\/illusioland.fr\/infos\/index.php\/2024\/12\/27\/jean-pascal-lacoste-soutient-illusioland-un-projet-a-ne-pas-manquer\/","title":{"rendered":"Jean-Pascal Lacoste soutient Illusioland : Un projet \u00e0 ne pas manquer !"},"content":{"rendered":"<p>Vous le connaissez peut-\u00eatre depuis 20 ans gr\u00e2ce \u00e0 son apparition dans une c\u00e9l\u00e8bre \u00e9mission TV. Jean-Pascal Lacoste, figure incontournable du petit \u00e9cran, a su conqu\u00e9rir les c\u0153urs avec sa personnalit\u00e9 attachante et son \u00e9nergie communicative.<\/p>\n<p>\u2022 <strong>Chroniqueur occasionnel chez Cyril Hanouna<\/strong>, il a particip\u00e9 \u00e0 de nombreuses \u00e9missions et a su se diversifier \u00e0 travers des <strong>s\u00e9ries TV<\/strong> et des <strong>court-m\u00e9trages<\/strong>, apportant toujours son dynamisme et sa touche unique.<\/p>\n<p><iframe loading=\"lazy\" title=\"Jean-Pascal Lacoste soutient Illusioland : La magie au rendez-vous\" width=\"500\" height=\"281\" src=\"https:\/\/www.youtube.com\/embed\/1DYI1_O52Rw?feature=oembed\" frameborder=\"0\" allow=\"accelerometer; autoplay; clipboard-write; encrypted-media; gyroscope; picture-in-picture; web-share\" referrerpolicy=\"strict-origin-when-cross-origin\" allowfullscreen><\/iframe><\/p>\n<p>Aujourd\u2019hui, Jean-Pascal Lacoste soutient un projet qui lui tient particuli\u00e8rement \u00e0 c\u0153ur : <strong>Illusioland<\/strong>, le futur parc \u00e0 th\u00e8mes qui promet de r\u00e9volutionner l\u2019univers du divertissement. Dans une vid\u00e9o pleine d\u2019enthousiasme, il partage son soutien \u00e0 ce projet novateur qui va offrir une exp\u00e9rience in\u00e9dite \u00e0 tous les visiteurs, petits et grands.<\/p>\n<p>Dans sa vid\u00e9o, Jean-Pascal exprime son excitation \u00e0 l\u2019id\u00e9e de d\u00e9couvrir ce parc magique o\u00f9 l\u2019imagination et l\u2019aventure se rencontrent. Il encourage tous ses fans et tous ceux qui le suivent \u00e0 soutenir ce projet exceptionnel, qui va marquer un tournant dans l\u2019univers des parcs \u00e0 th\u00e8mes.<\/p>\n<p>Illusioland ne sera pas qu&rsquo;un simple parc, c\u2019est une exp\u00e9rience immersive o\u00f9 la magie, la technologie et l\u2019aventure se c\u00f4toient pour cr\u00e9er des souvenirs inoubliables. Jean-Pascal, avec sa personnalit\u00e9 p\u00e9tillante et son amour pour les projets innovants, est un v\u00e9ritable ambassadeur de ce lieu hors du commun.<\/p>\n<p>Alors, rejoignez Jean-Pascal Lacoste et soutenez <strong>Illusioland<\/strong> pour faire de ce r\u00eave une r\u00e9alit\u00e9 !<\/p>\n<p>&nbsp;<\/p>\n<p><iframe loading=\"lazy\" title=\"Teaser Illusioland\" width=\"500\" height=\"281\" src=\"https:\/\/www.youtube.com\/embed\/-4hrtmtYZNQ?feature=oembed\" frameborder=\"0\" allow=\"accelerometer; autoplay; clipboard-write; encrypted-media; gyroscope; picture-in-picture; web-share\" referrerpolicy=\"strict-origin-when-cross-origin\" allowfullscreen><\/iframe><\/p>\n<p>#Illusioland #Soutien #JeanPascalLacoste #AventureMagique #ParcDeLoisirs #SoutienDeC\u00e9l\u00e9brit\u00e9 #RevolutionDuDivertissement<\/p>\n","protected":false},"excerpt":{"rendered":"<p>Vous le connaissez peut-\u00eatre depuis 20 ans gr\u00e2ce \u00e0 son apparition dans une c\u00e9l\u00e8bre \u00e9mission TV. Jean-Pascal Lacoste, figure incontournable du petit \u00e9cran, a su conqu\u00e9rir les c\u0153urs avec sa personnalit\u00e9 attachante et son \u00e9nergie communicative. \u2022 Chroniqueur occasionnel chez Cyril Hanouna, il a particip\u00e9 \u00e0 de nombreuses \u00e9missions et a su se diversifier \u00e0 [&hellip;]<\/p>\n","protected":false},"author":1,"featured_media":689,"comment_status":"open","ping_status":"open","sticky":false,"template":"","format":"standard","meta":{"saved_in_kubio":false,"_jetpack_memberships_contains_paid_content":false,"footnotes":""},"categories":[34,1],"tags":[96,456,458,142,459,156,122,143,9,164,454,41,446,387,306,155,447,457,92,455,125,93],"class_list":["post-688","post","type-post","status-publish","format-standard","has-post-thumbnail","hentry","category-actualites-du-parc","category-uncategorized","tag-aventure","tag-court-metrage","tag-cyril-hanouna","tag-divertissement","tag-emission-tv","tag-emotion","tag-experience-immersive","tag-famille","tag-illusioland","tag-immersion","tag-jean-pascal-lacoste","tag-magie","tag-parc-a-themes","tag-parc-magique","tag-projet-innovant","tag-reve","tag-sensations-fortes","tag-serie-tv","tag-soutien","tag-soutien-celebrite","tag-technologie","tag-video"],"jetpack_sharing_enabled":true,"jetpack_featured_media_url":"https:\/\/illusioland.fr\/infos\/wp-content\/uploads\/2024\/12\/Jean-Pascal-Lacoste-soutient-Illusioland.webp","_links":{"self":[{"href":"https:\/\/illusioland.fr\/infos\/index.php\/wp-json\/wp\/v2\/posts\/688","targetHints":{"allow":["GET"]}}],"collection":[{"href":"https:\/\/illusioland.fr\/infos\/index.php\/wp-json\/wp\/v2\/posts"}],"about":[{"href":"https:\/\/illusioland.fr\/infos\/index.php\/wp-json\/wp\/v2\/types\/post"}],"author":[{"embeddable":true,"href":"https:\/\/illusioland.fr\/infos\/index.php\/wp-json\/wp\/v2\/users\/1"}],"replies":[{"embeddable":true,"href":"https:\/\/illusioland.fr\/infos\/index.php\/wp-json\/wp\/v2\/comments?post=688"}],"version-history":[{"count":1,"href":"https:\/\/illusioland.fr\/infos\/index.php\/wp-json\/wp\/v2\/posts\/688\/revisions"}],"predecessor-version":[{"id":690,"href":"https:\/\/illusioland.fr\/infos\/index.php\/wp-json\/wp\/v2\/posts\/688\/revisions\/690"}],"wp:featuredmedia":[{"embeddable":true,"href":"https:\/\/illusioland.fr\/infos\/index.php\/wp-json\/wp\/v2\/media\/689"}],"wp:attachment":[{"href":"https:\/\/illusioland.fr\/infos\/index.php\/wp-json\/wp\/v2\/media?parent=688"}],"wp:term":[{"taxonomy":"category","embeddable":true,"href":"https:\/\/illusioland.fr\/infos\/index.php\/wp-json\/wp\/v2\/categories?post=688"},{"taxonomy":"post_tag","embeddable":true,"href":"https:\/\/illusioland.fr\/infos\/index.php\/wp-json\/wp\/v2\/tags?post=688"}],"curies":[{"name":"wp","href":"https:\/\/api.w.org\/{rel}","templated":true}]}}